{"id":15714,"date":"2024-11-15T18:37:37","date_gmt":"2024-11-15T17:37:37","guid":{"rendered":"https:\/\/www.duchenne-schweiz.ch\/conference-duchenne-le-26-09-2025\/"},"modified":"2024-11-15T18:37:37","modified_gmt":"2024-11-15T17:37:37","slug":"conference-duchenne-le-26-09-2025","status":"publish","type":"post","link":"https:\/\/www.duchenne-schweiz.ch\/fr\/conference-duchenne-le-26-09-2025\/","title":{"rendered":"Conf\u00e9rence Duchenne le 26.09.2025"},"content":{"rendered":"<p>Nous sommes heureux d&rsquo;annoncer la prochaine conf\u00e9rence sur la maladie de Duchenne<br \/>\n<strong data-bmid=\"7ccc1032\">Save the Date: 26 septembre 2025<\/strong><\/p>\n<p data-bmid=\"afb4172f\">Lieu de la manifestation :<br data-bmid=\"9c292939\">Centre suisse des parapl\u00e9giques (CSP)<br data-bmid=\"50b89194\">H\u00f4tel Sempachersee<br data-bmid=\"7933a7ba\">Kantonsstrasse 46<br data-bmid=\"d4a6268d\">6207 Nottwil<br data-bmid=\"5d4fae4b\"><a href=\"http:\/\/www.hotelsempachersee.ch\" data-bmid=\"8022d6c5\">www.hotelsempachersee.ch<\/a><\/p>\n<p data-bmid=\"afb4172f\">Cliquez ici pour acc\u00e9der au <a href=\"https:\/\/www.duchenne-schweiz.ch\/fr\/conference-duchenne-2025\/\">site web de la conf\u00e9rence<\/a>.<\/p>\n","protected":false},"excerpt":{"rendered":"<p>Nous sommes heureux d&rsquo;annoncer la prochaine conf\u00e9rence sur la maladie de Duchenne Save the Date: 26 septembre 2025 Lieu de la manifestation :Centre suisse des parapl\u00e9giques (CSP)H\u00f4tel SempacherseeKantonsstrasse 466207 Nottwilwww.hotelsempachersee.ch Cliquez ici pour acc\u00e9der au site web de la conf\u00e9rence.<\/p>\n","protected":false},"author":24792,"featured_media":14943,"comment_status":"open","ping_status":"open","sticky":false,"template":"","format":"standard","meta":{"_et_pb_use_builder":"off","_et_pb_old_content":"","_et_gb_content_width":"","inline_featured_image":false,"footnotes":""},"categories":[119,142],"tags":[],"class_list":["post-15714","post","type-post","status-publish","format-standard","has-post-thumbnail","hentry","category-non-classifiee","category-recherche"],"_links":{"self":[{"href":"https:\/\/www.duchenne-schweiz.ch\/fr\/wp-json\/wp\/v2\/posts\/15714","targetHints":{"allow":["GET"]}}],"collection":[{"href":"https:\/\/www.duchenne-schweiz.ch\/fr\/wp-json\/wp\/v2\/posts"}],"about":[{"href":"https:\/\/www.duchenne-schweiz.ch\/fr\/wp-json\/wp\/v2\/types\/post"}],"author":[{"embeddable":true,"href":"https:\/\/www.duchenne-schweiz.ch\/fr\/wp-json\/wp\/v2\/users\/24792"}],"replies":[{"embeddable":true,"href":"https:\/\/www.duchenne-schweiz.ch\/fr\/wp-json\/wp\/v2\/comments?post=15714"}],"version-history":[{"count":0,"href":"https:\/\/www.duchenne-schweiz.ch\/fr\/wp-json\/wp\/v2\/posts\/15714\/revisions"}],"wp:featuredmedia":[{"embeddable":true,"href":"https:\/\/www.duchenne-schweiz.ch\/fr\/wp-json\/wp\/v2\/media\/14943"}],"wp:attachment":[{"href":"https:\/\/www.duchenne-schweiz.ch\/fr\/wp-json\/wp\/v2\/media?parent=15714"}],"wp:term":[{"taxonomy":"category","embeddable":true,"href":"https:\/\/www.duchenne-schweiz.ch\/fr\/wp-json\/wp\/v2\/categories?post=15714"},{"taxonomy":"post_tag","embeddable":true,"href":"https:\/\/www.duchenne-schweiz.ch\/fr\/wp-json\/wp\/v2\/tags?post=15714"}],"curies":[{"name":"wp","href":"https:\/\/api.w.org\/{rel}","templated":true}]}}