{"id":15142,"date":"2024-12-20T15:42:21","date_gmt":"2024-12-20T14:42:21","guid":{"rendered":"https:\/\/www.duchenne-schweiz.ch\/?p=15142"},"modified":"2025-11-04T15:46:48","modified_gmt":"2025-11-04T14:46:48","slug":"record-de-participation-au-run-4-duchenne-boys-2024","status":"publish","type":"post","link":"https:\/\/www.duchenne-schweiz.ch\/fr\/record-de-participation-au-run-4-duchenne-boys-2024\/","title":{"rendered":"Record de participation au Run 4 Duchenne Boys 2024"},"content":{"rendered":"<p>[et_pb_section fb_built=\u00a0\u00bb1&Prime; admin_label=\u00a0\u00bbsection\u00a0\u00bb _builder_version=\u00a0\u00bb4.16&Prime; global_colors_info=\u00a0\u00bb{}\u00a0\u00bb][et_pb_row admin_label=\u00a0\u00bbrow\u00a0\u00bb _builder_version=\u00a0\u00bb4.16&Prime; background_size=\u00a0\u00bbinitial\u00a0\u00bb background_position=\u00a0\u00bbtop_left\u00a0\u00bb background_repeat=\u00a0\u00bbrepeat\u00a0\u00bb global_colors_info=\u00a0\u00bb{}\u00a0\u00bb][et_pb_column type=\u00a0\u00bb4_4&Prime; _builder_version=\u00a0\u00bb4.16&Prime; custom_padding=\u00a0\u00bb|||\u00a0\u00bb global_colors_info=\u00a0\u00bb{}\u00a0\u00bb custom_padding__hover=\u00a0\u00bb|||\u00a0\u00bb][et_pb_text _builder_version=\u00a0\u00bb4.27.4&Prime; _module_preset=\u00a0\u00bbdefault\u00a0\u00bb global_colors_info=\u00a0\u00bb{}\u00a0\u00bb]<\/p>\n<p>Depuis la premi\u00e8re \u00e9dition en 2016, la pr\u00e9sence des Duchenne Runners \u00e0 la course de la Saint-Sylvestre de Zurich est devenue une belle tradition annuelle de l&rsquo;Avent. A cette occasion, nous avons \u00e9galement pu \u00e9tablir un nouveau record en 2024 dans la ville de Zurich en pleine p\u00e9riode de No\u00ebl. Il n&rsquo;y a jamais eu autant de coureurs au d\u00e9part que cette ann\u00e9e. Outre de nombreux coureurs fid\u00e8les, nous avons \u00e9galement atteint de nombreux nouveaux participants avec le Community Run de l&rsquo;Association Musculation. Le Duchenne-St\u00fcbli de ewz \u00e0 Zurich a parfois explos\u00e9.    <\/p>\n<p>Cette ann\u00e9e encore, avec plus de 200 coureurs, nous avons atteint un r\u00e9sultat r\u00e9jouissant en termes de dons. 433 sponsors ont fait don de plus de 44 000 francs suisses. Cet argent est revers\u00e9 \u00e0 70% \u00e0 l&rsquo;Association suisse contre les myopathies et \u00e0 30% \u00e0 notre association. Chaque franc est ainsi directement revers\u00e9 aux personnes atteintes et \u00e0 leurs familles. Depuis le lancement des Duchenne Runners, nous avons ainsi d\u00e9j\u00e0 pu r\u00e9colter plus de 260 000 francs.    <\/p>\n<p>Outre la collecte de fonds, nous avons \u00e9galement un deuxi\u00e8me objectif important : r\u00e9unir les personnes concern\u00e9es, leurs proches et d&rsquo;autres personnes int\u00e9ress\u00e9es pour partager une exp\u00e9rience sportive. Nous y sommes parvenus une fois de plus en 2024 et nous nous r\u00e9jouissons d\u00e9j\u00e0 de la prochaine \u00e9dition qui aura lieu le 14 d\u00e9cembre 2025 &#8211; r\u00e9servez la date ! <\/p>\n<p>[\/et_pb_text][et_pb_gallery gallery_ids=\u00a0\u00bb15125,15079,15040,15116,15122,15104,15149,15070,15119,15113,15110,15046,15107,15101,15098,15095,15092,15076,15058,15073,15067,15064,15061,15055,15052,15049,15043&Prime; show_title_and_caption=\u00a0\u00bboff\u00a0\u00bb _builder_version=\u00a0\u00bb4.27.4&Prime; _module_preset=\u00a0\u00bbdefault\u00a0\u00bb global_colors_info=\u00a0\u00bb{}\u00a0\u00bb][\/et_pb_gallery][\/et_pb_column][\/et_pb_row][\/et_pb_section]<\/p>\n","protected":false},"excerpt":{"rendered":"<p>Depuis la premi\u00e8re \u00e9dition en 2016, la pr\u00e9sence des Duchenne Runners \u00e0 la course de la Saint-Sylvestre de Zurich est devenue une belle tradition annuelle de l&rsquo;Avent. A cette occasion, nous avons \u00e9galement pu \u00e9tablir un nouveau record en 2024 dans la ville de Zurich en pleine p\u00e9riode de No\u00ebl. Il n&rsquo;y a jamais eu [&hellip;]<\/p>\n","protected":false},"author":3,"featured_media":15046,"comment_status":"open","ping_status":"open","sticky":false,"template":"","format":"standard","meta":{"_et_pb_use_builder":"on","_et_pb_old_content":"","_et_gb_content_width":"","inline_featured_image":false,"footnotes":""},"categories":[119],"tags":[],"class_list":["post-15142","post","type-post","status-publish","format-standard","has-post-thumbnail","hentry","category-non-classifiee"],"_links":{"self":[{"href":"https:\/\/www.duchenne-schweiz.ch\/fr\/wp-json\/wp\/v2\/posts\/15142","targetHints":{"allow":["GET"]}}],"collection":[{"href":"https:\/\/www.duchenne-schweiz.ch\/fr\/wp-json\/wp\/v2\/posts"}],"about":[{"href":"https:\/\/www.duchenne-schweiz.ch\/fr\/wp-json\/wp\/v2\/types\/post"}],"author":[{"embeddable":true,"href":"https:\/\/www.duchenne-schweiz.ch\/fr\/wp-json\/wp\/v2\/users\/3"}],"replies":[{"embeddable":true,"href":"https:\/\/www.duchenne-schweiz.ch\/fr\/wp-json\/wp\/v2\/comments?post=15142"}],"version-history":[{"count":10,"href":"https:\/\/www.duchenne-schweiz.ch\/fr\/wp-json\/wp\/v2\/posts\/15142\/revisions"}],"predecessor-version":[{"id":16526,"href":"https:\/\/www.duchenne-schweiz.ch\/fr\/wp-json\/wp\/v2\/posts\/15142\/revisions\/16526"}],"wp:featuredmedia":[{"embeddable":true,"href":"https:\/\/www.duchenne-schweiz.ch\/fr\/wp-json\/wp\/v2\/media\/15046"}],"wp:attachment":[{"href":"https:\/\/www.duchenne-schweiz.ch\/fr\/wp-json\/wp\/v2\/media?parent=15142"}],"wp:term":[{"taxonomy":"category","embeddable":true,"href":"https:\/\/www.duchenne-schweiz.ch\/fr\/wp-json\/wp\/v2\/categories?post=15142"},{"taxonomy":"post_tag","embeddable":true,"href":"https:\/\/www.duchenne-schweiz.ch\/fr\/wp-json\/wp\/v2\/tags?post=15142"}],"curies":[{"name":"wp","href":"https:\/\/api.w.org\/{rel}","templated":true}]}}